{"id":5450,"date":"2016-10-03T10:00:54","date_gmt":"2016-10-03T08:00:54","guid":{"rendered":"http:\/\/www.cagliarirespira.it\/2016\/?p=5450"},"modified":"2016-10-03T10:00:54","modified_gmt":"2016-10-03T08:00:54","slug":"presentazione-ufficiale","status":"publish","type":"post","link":"https:\/\/cagliarirespira.it\/cr\/presentazione-ufficiale\/","title":{"rendered":"Presentazione Ufficiale della CagliariRespira 2016"},"content":{"rendered":"<p><strong>CRAI CAGLIARIRESPIRA: PRESENTAZIONE UFFICIALE<\/strong><br \/>\n<strong>MERCOLEDI&#8217; 5 OTTOBRE 2016 \u2013 ORE 10,30 \u2013 CAGLIARI \u2013 NAVE COSTA PACIFICA DI COSTA CROCIERE<\/strong><\/p>\n<p>Per il nono anno consecutivo, torna l&#8217;appuntamento con la mezza maratona di Cagliari: la <strong>CRAI CagliariRespira<\/strong>, un evento che puntualmente riunisce nel capoluogo sardo gruppi di atleti provenienti da tutto il mondo. La scia di maratoneti torner\u00e0 a colorare e riempire le vie di Cagliari, dal Poetto ai parchi cittadini, il 4 Dicembre 2016, dando vita a quella che da anni si propone e si conferma come una festa per tutta la citt\u00e0 e non solo. Grazie all&#8217;ospitalit\u00e0 e alla collaborazione di Costa Crociere, la presentazione della mezza maratona cagliaritana si terr\u00e0 tra le pareti di una location del tutto innovativa: la nave Costa Pacifica. I dettagli e le numerose novit\u00e0 che interesseranno questo nono appuntamento verranno illustrati dalla ASD Cagliari Marathon Club, promotrice e organizzatrice dell&#8217;evento, mercoled\u00ec 5 Ottobre 2016 alle 10,30. L&#8217;imbarco sar\u00e0 preceduto da un check-in da effettuare presso il varco doganale di Cagliari (gazebo bianco). Si ricorda che la CRAI CagliariRespira \u00e8 un evento organizzato dalla ASD Cagliari Marathon Club in collaborazione con l\u2019Associazione ASMA Sardegna ONLUS e il patrocinio dell\u2019Amministrazione del Comune di Cagliari, dell\u2019Assessorato allo Sport del Comune di Cagliari, l\u2019Azienda Ospedaliero Universitaria di Cagliari, l\u2019Ordine dei Medici della Provincia di Cagliari, l\u2019Ente Parco Molentargius &#8211; Saline e sotto l\u2019egida e approvazione tecnica del Comitato Regionale Sardo FIDAL.<\/p>\n<p>L&#8217;Organizzazione.<\/p>\n","protected":false},"excerpt":{"rendered":"<p>CRAI CAGLIARIRESPIRA: PRESENTAZIONE UFFICIALE MERCOLEDI&#8217; 5 OTTOBRE 2016 \u2013 ORE 10,30 \u2013 CAGLIARI \u2013 NAVE COSTA PACIFICA DI COSTA CROCIERE Per il nono anno consecutivo, torna l&#8217;appuntamento con la mezza maratona di Cagliari: la CRAI CagliariRespira, un evento che puntualmente riunisce nel capoluogo sardo gruppi di atleti provenienti da tutto il mondo. La scia di  [&#8230;]<\/p>\n","protected":false},"author":2,"featured_media":5497,"comment_status":"closed","ping_status":"closed","sticky":false,"template":"","format":"standard","meta":{"footnotes":""},"categories":[6,21,7,8],"tags":[],"class_list":["post-5450","post","type-post","status-publish","format-standard","has-post-thumbnail","hentry","category-cagliari","category-comunicati-stampa","category-eventi","category-running_news"],"_links":{"self":[{"href":"https:\/\/cagliarirespira.it\/cr\/wp-json\/wp\/v2\/posts\/5450","targetHints":{"allow":["GET"]}}],"collection":[{"href":"https:\/\/cagliarirespira.it\/cr\/wp-json\/wp\/v2\/posts"}],"about":[{"href":"https:\/\/cagliarirespira.it\/cr\/wp-json\/wp\/v2\/types\/post"}],"author":[{"embeddable":true,"href":"https:\/\/cagliarirespira.it\/cr\/wp-json\/wp\/v2\/users\/2"}],"replies":[{"embeddable":true,"href":"https:\/\/cagliarirespira.it\/cr\/wp-json\/wp\/v2\/comments?post=5450"}],"version-history":[{"count":0,"href":"https:\/\/cagliarirespira.it\/cr\/wp-json\/wp\/v2\/posts\/5450\/revisions"}],"wp:featuredmedia":[{"embeddable":true,"href":"https:\/\/cagliarirespira.it\/cr\/wp-json\/wp\/v2\/media\/5497"}],"wp:attachment":[{"href":"https:\/\/cagliarirespira.it\/cr\/wp-json\/wp\/v2\/media?parent=5450"}],"wp:term":[{"taxonomy":"category","embeddable":true,"href":"https:\/\/cagliarirespira.it\/cr\/wp-json\/wp\/v2\/categories?post=5450"},{"taxonomy":"post_tag","embeddable":true,"href":"https:\/\/cagliarirespira.it\/cr\/wp-json\/wp\/v2\/tags?post=5450"}],"curies":[{"name":"wp","href":"https:\/\/api.w.org\/{rel}","templated":true}]}}