{"id":6318,"date":"2017-04-27T14:02:43","date_gmt":"2017-04-27T12:02:43","guid":{"rendered":"http:\/\/www.cagliarirespira.it\/2016\/?p=6318"},"modified":"2017-04-27T14:02:43","modified_gmt":"2017-04-27T12:02:43","slug":"il-cagliari-marathon-club-tra-vienna-amburgo-boston-e-non-solo","status":"publish","type":"post","link":"https:\/\/cagliarirespira.it\/cr\/il-cagliari-marathon-club-tra-vienna-amburgo-boston-e-non-solo\/","title":{"rendered":"Il Cagliari Marathon Club tra Vienna, Amburgo, Boston e non solo&#8230;"},"content":{"rendered":"<p><i>Un Aprile carico di emozioni: Boudalia secondo in categoria M45 a Boston, Abdelkader campione regionale sul 10.000 e Claudia Pinna prima italiana tra le donne a Amburgo.<\/i><\/p>\n<p><!--more--><\/p>\n<p>Non ci si ferma mai. Altre settimane intense tra piccole e grandi tappe sono appena trascorse. Vi avevamo gi\u00e0 anticipato che sarebbe stata una primavera piena di grandi traguardi e cos\u00ec \u00e8 stato (e sar\u00e0 ancora). Ed ecco una breve carrellata delle ultime maratone affrontate dall\u2019<b>ASD Cagliari Marathon Club.<\/b><\/p>\n<div id=\"attachment_6319\" style=\"width: 535px\" class=\"wp-caption aligncenter\"><img decoding=\"async\" aria-describedby=\"caption-attachment-6319\" class=\"size-full wp-image-6319\" src=\"http:\/\/www.cagliarirespira.it\/2016\/wp-content\/uploads\/2017\/04\/Cattura.jpg\" alt=\"Said Boudalia sulla linea di partenza a Boston  \" width=\"525\" height=\"258\" srcset=\"https:\/\/cagliarirespira.it\/cr\/wp-content\/uploads\/2017\/04\/Cattura-300x147.jpg 300w, https:\/\/cagliarirespira.it\/cr\/wp-content\/uploads\/2017\/04\/Cattura.jpg 525w\" sizes=\"(max-width: 525px) 100vw, 525px\" \/><p id=\"caption-attachment-6319\" class=\"wp-caption-text\">Said Boudalia sulla linea di partenza a Boston<\/p><\/div>\n<p>Uno degli assoluti protagonisti di queste settimane \u00e8 stato senza ombra di dubbio <b>Said Boudalia<\/b>: gi\u00e0 il 9 aprile, in occasione dei <b>Campionati Regionali Master dei 10.000 metri<\/b> (Treviso) ci aveva onorato di un risultato alquanto prestigioso, conquistando il primato italiano SM45 e migliorando di ben 40 secondi il precedente primato. Non \u00e8 finita qui: luned\u00ec 17 aprile, l\u2019atleta italo-marocchino, uno dei fiori all\u2019occhiello della societ\u00e0 cagliaritana, ha intrapreso il lungo viaggio per gli Stati Uniti d\u2019America per partecipare alla maratona pi\u00f9 antica del mondo e della storia: quella di <b>Boston<\/b>. Il suo pettorale n\u00b078, dopo essere stato addirittura nel gruppone di testa nei primi chilometri, ha tagliato il traguardo con un tempo eccezionale (2h30&#8217;11&#8221;) posizionandosi al 57\u00b0 posto assoluto e al secondo nella categoria M45.<\/p>\n<div id=\"attachment_6322\" style=\"width: 970px\" class=\"wp-caption aligncenter\"><img decoding=\"async\" aria-describedby=\"caption-attachment-6322\" class=\"wp-image-6322 size-full\" src=\"http:\/\/www.cagliarirespira.it\/2016\/wp-content\/uploads\/2017\/04\/IMG_0576.jpg\" alt=\"Dal gruppo Facebook &quot;Gruppi di Corsa&quot;\" width=\"960\" height=\"540\" srcset=\"https:\/\/cagliarirespira.it\/cr\/wp-content\/uploads\/2017\/04\/IMG_0576-300x169.jpg 300w, https:\/\/cagliarirespira.it\/cr\/wp-content\/uploads\/2017\/04\/IMG_0576-600x338.jpg 600w, https:\/\/cagliarirespira.it\/cr\/wp-content\/uploads\/2017\/04\/IMG_0576-768x432.jpg 768w, https:\/\/cagliarirespira.it\/cr\/wp-content\/uploads\/2017\/04\/IMG_0576.jpg 960w\" sizes=\"(max-width: 960px) 100vw, 960px\" \/><p id=\"caption-attachment-6322\" class=\"wp-caption-text\">Dal gruppo Facebook &#8220;Gruppi di Corsa&#8221;<\/p><\/div>\n<p>Anche il resto della squadra si \u00e8 data parecchio da fare: sabato 22 aprile, al campo di atletica Santoru, si \u00e8 tenuta la seconda prova del <b>CdS nel 10.000<\/b>. Ad affrontarla, la squadra rossa del CMC composta da <b>Michele Merenda, Nicola Carboni, Paolo Cannas e Oualid Abdelkader<\/b>. E\u2019 stato proprio quest\u2019ultimo a conquistare il titolo di <b>Campione Regionale <\/b>sul 10.000 in pista e, giusto per non farsi mancare nulla, gi\u00e0 la domenica mattina seguente a portarsi a casa la stracittadina <b>Straolbia<\/b>.<\/p>\n<div id=\"attachment_6321\" style=\"width: 970px\" class=\"wp-caption aligncenter\"><img decoding=\"async\" aria-describedby=\"caption-attachment-6321\" class=\"wp-image-6321 size-full\" src=\"http:\/\/www.cagliarirespira.it\/2016\/wp-content\/uploads\/2017\/04\/IMG_0575.jpg\" alt=\"Foto dal gruppo Facebook &quot;Gruppi di Corsa&quot; \" width=\"960\" height=\"542\" srcset=\"https:\/\/cagliarirespira.it\/cr\/wp-content\/uploads\/2017\/04\/IMG_0575-300x169.jpg 300w, https:\/\/cagliarirespira.it\/cr\/wp-content\/uploads\/2017\/04\/IMG_0575-600x339.jpg 600w, https:\/\/cagliarirespira.it\/cr\/wp-content\/uploads\/2017\/04\/IMG_0575-768x434.jpg 768w, https:\/\/cagliarirespira.it\/cr\/wp-content\/uploads\/2017\/04\/IMG_0575.jpg 960w\" sizes=\"(max-width: 960px) 100vw, 960px\" \/><p id=\"caption-attachment-6321\" class=\"wp-caption-text\">Foto dal gruppo Facebook &#8220;Gruppi di Corsa&#8221;<\/p><\/div>\n<p>Allontanandoci per un attimo dalla nostra amata Sardegna, domenica 23 aprile \u00e8 andata in scena la 34 <b>Vienna City Marathon<\/b>: e in questa occasione \u00e8 stata la volta del presidente <b>Paolo Serra<\/b> (3h04&#8217;41&#8221;) accompagnato da <b>Claudio Sacceddu<\/b> (3h22&#8217;03&#8221;), <b>Lauro Porcu<\/b> (3h22&#8217;54&#8221;), <b>Luigi Biggio<\/b>, <b>Renato Perra<\/b> (3h45&#8217;19&#8221;), <b>Fulvio Marra (<\/b>3h04&#8217;42&#8221;) e <b>Agnese Casu<\/b>. Insomma, un gran bel gruppo. Lo stesso giorno ad <b>Amburgo<\/b>, ancora una maratona, affrontata dai fratelli <b>Alviero<\/b> (2h48&#8217;05&#8221;) e <b>Giannetto Atzeni<\/b> (2h44&#8217;14&#8221;) con <b>Claudia Pinna<\/b> (2h44&#8217;14&#8221;). A sfidarli una lunga distanza di 42.195 che non li ha ovviamente spaventati, tanto da farli rientrare in &#8216;patria&#8217; con risultati pi\u00f9 che soddisfacenti, soprattutto per Claudia Pinna: 16^ classificata fra le donne, <b>prima italiana<\/b>.<\/p>\n<p>&nbsp;<\/p>\n<p>&nbsp;<\/p>\n","protected":false},"excerpt":{"rendered":"<p>Un Aprile carico di emozioni: Boudalia secondo in categoria M45 a Boston, Abdelkader campione regionale sul 10.000 e Claudia Pinna prima italiana tra le donne a Amburgo.<\/p>\n","protected":false},"author":4,"featured_media":6322,"comment_status":"closed","ping_status":"closed","sticky":false,"template":"","format":"standard","meta":{"footnotes":""},"categories":[6,7],"tags":[],"class_list":["post-6318","post","type-post","status-publish","format-standard","has-post-thumbnail","hentry","category-cagliari","category-eventi"],"_links":{"self":[{"href":"https:\/\/cagliarirespira.it\/cr\/wp-json\/wp\/v2\/posts\/6318","targetHints":{"allow":["GET"]}}],"collection":[{"href":"https:\/\/cagliarirespira.it\/cr\/wp-json\/wp\/v2\/posts"}],"about":[{"href":"https:\/\/cagliarirespira.it\/cr\/wp-json\/wp\/v2\/types\/post"}],"author":[{"embeddable":true,"href":"https:\/\/cagliarirespira.it\/cr\/wp-json\/wp\/v2\/users\/4"}],"replies":[{"embeddable":true,"href":"https:\/\/cagliarirespira.it\/cr\/wp-json\/wp\/v2\/comments?post=6318"}],"version-history":[{"count":0,"href":"https:\/\/cagliarirespira.it\/cr\/wp-json\/wp\/v2\/posts\/6318\/revisions"}],"wp:featuredmedia":[{"embeddable":true,"href":"https:\/\/cagliarirespira.it\/cr\/wp-json\/wp\/v2\/media\/6322"}],"wp:attachment":[{"href":"https:\/\/cagliarirespira.it\/cr\/wp-json\/wp\/v2\/media?parent=6318"}],"wp:term":[{"taxonomy":"category","embeddable":true,"href":"https:\/\/cagliarirespira.it\/cr\/wp-json\/wp\/v2\/categories?post=6318"},{"taxonomy":"post_tag","embeddable":true,"href":"https:\/\/cagliarirespira.it\/cr\/wp-json\/wp\/v2\/tags?post=6318"}],"curies":[{"name":"wp","href":"https:\/\/api.w.org\/{rel}","templated":true}]}}