{"id":7391,"date":"2018-10-26T14:32:26","date_gmt":"2018-10-26T12:32:26","guid":{"rendered":"http:\/\/www.cagliarirespira.it\/2016\/?p=7391"},"modified":"2018-10-26T14:32:26","modified_gmt":"2018-10-26T12:32:26","slug":"al-via-il-10-congresso-asma-sport","status":"publish","type":"post","link":"https:\/\/cagliarirespira.it\/cr\/al-via-il-10-congresso-asma-sport\/","title":{"rendered":"Al via il 10\u00b0 CONGRESSO ASMA &#038; SPORT"},"content":{"rendered":"<p class=\"corpodeltesto\" align=\"center\"><!--more--><!--more--><\/p>\n<p class=\"corpodeltesto\" align=\"center\"><i>Due gli appuntamenti previsti: venerd\u00ec 9 (ore 14) e sabato 10 novembre (ore 9,20) presso la Sala congressi della Cittadella Universitaria di Monserrato<\/i><i>\u00a0<\/i><\/p>\n<p class=\"corpodeltesto\">CAGLIARI \u2013 La <b>CRAI CagliariRespira<\/b>si riconferma, anno dopo anno, un evento di grande portata non solo in termini di sport e corsa ma soprattutto per il costante impegno sui temi del benessere e della salute della persona. A sostegno di questa mission,\u00a0<strong>venerd\u00ec 9 e sabato 10 novembre 2018<\/strong>\u00a0avr\u00e0 luogo il <b>10<strong>\u00b0 Congresso Asma &amp; Sport<\/strong><\/b>\u00a0presso la <b>Sala Congressi della Cittadella Universitaria di Monserrato<\/b>.<\/p>\n<p class=\"corpodeltesto\">Il primo appuntamento prevede una sessione scientifica che avr\u00e0 inizio alle ore 14 e che sar\u00e0 dedicata interamente al tema dell\u2019asma, della BPCO (broncopneumopatia cronica ostruttiva) e dei relativi percorsi terapeutici; il secondo si articoler\u00e0 in due sessioni, una scientifica e una a carattere divulgativo, avr\u00e0 inizio alle 9,20 e tratter\u00e0 argomenti strettamente correlati al mondo dello sport e della medicina sportiva.<\/p>\n<p class=\"corpodeltesto\">L\u2019obiettivo di ogni edizione \u00e8 quello di affrontare aspetti importantissimi che riguardano il mondo sportivo e non solo, sottolineando come \u201c<em>l<\/em><i>\u2019attivit\u00e0 fisica rappresenti nelle mani del medico o, pi\u00f9 semplicemente del singolo, un potenziale strumento atto alla prevenzione e al trattamento dell\u2019asma bronchiale, dell\u2019obesit\u00e0 e delle numerose patologie ad esse correlate<\/i>\u201d.<\/p>\n<p class=\"corpodeltesto\">Il Convegno Asma &amp; Sport, ormai arrivato alla sua decima edizione, \u00e8 solo un tassello del grande progetto della\u00a0<strong>CRAI CagliariRespira, la mezza maratona <\/strong>pi\u00f9 partecipata della Sardegna prevista per domenica 2 dicembre 2018.<\/p>\n<p class=\"corpodeltesto\">Il congresso riceve il patrocinio dalle seguenti istituzioni: <strong>Azienda Ospedaliero Universitaria<\/strong>, <strong>Universit\u00e0 degli Studi di Cagliari<\/strong>,<b>Ordine dei medici della provincia di Cagliari, IPASVI Cagliari <\/b>e<b>SIAAIC Sardegna<\/b><b>.<\/b><\/p>\n","protected":false},"excerpt":{"rendered":"","protected":false},"author":4,"featured_media":7428,"comment_status":"closed","ping_status":"closed","sticky":false,"template":"","format":"standard","meta":{"footnotes":""},"categories":[21,2,8],"tags":[],"class_list":["post-7391","post","type-post","status-publish","format-standard","has-post-thumbnail","hentry","category-comunicati-stampa","category-convegni","category-running_news"],"_links":{"self":[{"href":"https:\/\/cagliarirespira.it\/cr\/wp-json\/wp\/v2\/posts\/7391","targetHints":{"allow":["GET"]}}],"collection":[{"href":"https:\/\/cagliarirespira.it\/cr\/wp-json\/wp\/v2\/posts"}],"about":[{"href":"https:\/\/cagliarirespira.it\/cr\/wp-json\/wp\/v2\/types\/post"}],"author":[{"embeddable":true,"href":"https:\/\/cagliarirespira.it\/cr\/wp-json\/wp\/v2\/users\/4"}],"replies":[{"embeddable":true,"href":"https:\/\/cagliarirespira.it\/cr\/wp-json\/wp\/v2\/comments?post=7391"}],"version-history":[{"count":0,"href":"https:\/\/cagliarirespira.it\/cr\/wp-json\/wp\/v2\/posts\/7391\/revisions"}],"wp:featuredmedia":[{"embeddable":true,"href":"https:\/\/cagliarirespira.it\/cr\/wp-json\/"}],"wp:attachment":[{"href":"https:\/\/cagliarirespira.it\/cr\/wp-json\/wp\/v2\/media?parent=7391"}],"wp:term":[{"taxonomy":"category","embeddable":true,"href":"https:\/\/cagliarirespira.it\/cr\/wp-json\/wp\/v2\/categories?post=7391"},{"taxonomy":"post_tag","embeddable":true,"href":"https:\/\/cagliarirespira.it\/cr\/wp-json\/wp\/v2\/tags?post=7391"}],"curies":[{"name":"wp","href":"https:\/\/api.w.org\/{rel}","templated":true}]}}